{"id":3297,"date":"2024-08-01T12:27:48","date_gmt":"2024-08-01T12:27:48","guid":{"rendered":"https:\/\/scap.lu\/visite-s-a-r-prince-louis\/"},"modified":"2024-08-01T12:27:48","modified_gmt":"2024-08-01T12:27:48","slug":"visite-s-a-r-prince-louis","status":"publish","type":"post","link":"https:\/\/scap.lu\/fr\/visite-s-a-r-prince-louis\/","title":{"rendered":"Visite S.A.R Prince Louis"},"content":{"rendered":"<p>Le 02.07.2024, nous avons eu le plaisir d&rsquo; accueillir le <strong>Prince Louis de Luxembourg, <\/strong>repr\u00e9sentant de la Fondation du Grand-Duc et de la Grande-Duchesse, dans les nouveaux locaux du SCAP \u00e0 Leudelange! Le Prince Louis a \u00e9t\u00e9 guid\u00e9 \u00e0 travers les diff\u00e9rents locaux et a pu d\u00e9couvrir la m\u00e9thode de travail multimodale du SCAP.  <img decoding=\"async\" class=\"alignnone size-medium wp-image-3285\" src=\"https:\/\/scap.lu\/wp-content\/uploads\/2024\/08\/PXL_20240702_085037080.PORTRAIT.ORIGINAL2-scaled-e1722512928387-274x300.jpg\" alt=\"\" width=\"274\" height=\"300\" srcset=\"https:\/\/scap.lu\/wp-content\/uploads\/2024\/08\/PXL_20240702_085037080.PORTRAIT.ORIGINAL2-scaled-e1722512928387-274x300.jpg 274w, https:\/\/scap.lu\/wp-content\/uploads\/2024\/08\/PXL_20240702_085037080.PORTRAIT.ORIGINAL2-scaled-e1722512928387-935x1024.jpg 935w, https:\/\/scap.lu\/wp-content\/uploads\/2024\/08\/PXL_20240702_085037080.PORTRAIT.ORIGINAL2-scaled-e1722512928387-768x841.jpg 768w, https:\/\/scap.lu\/wp-content\/uploads\/2024\/08\/PXL_20240702_085037080.PORTRAIT.ORIGINAL2-scaled-e1722512928387-1402x1536.jpg 1402w, https:\/\/scap.lu\/wp-content\/uploads\/2024\/08\/PXL_20240702_085037080.PORTRAIT.ORIGINAL2-scaled-e1722512928387.jpg 1433w\" sizes=\"(max-width: 274px) 100vw, 274px\" \/><img decoding=\"async\" class=\"alignnone size-medium wp-image-3281\" src=\"https:\/\/scap.lu\/wp-content\/uploads\/2024\/08\/PXL_20240702_0841339722-169x300.jpg\" alt=\"\" width=\"169\" height=\"300\" srcset=\"https:\/\/scap.lu\/wp-content\/uploads\/2024\/08\/PXL_20240702_0841339722-169x300.jpg 169w, https:\/\/scap.lu\/wp-content\/uploads\/2024\/08\/PXL_20240702_0841339722-576x1024.jpg 576w, https:\/\/scap.lu\/wp-content\/uploads\/2024\/08\/PXL_20240702_0841339722-768x1365.jpg 768w, https:\/\/scap.lu\/wp-content\/uploads\/2024\/08\/PXL_20240702_0841339722-864x1536.jpg 864w, https:\/\/scap.lu\/wp-content\/uploads\/2024\/08\/PXL_20240702_0841339722-1152x2048.jpg 1152w, https:\/\/scap.lu\/wp-content\/uploads\/2024\/08\/PXL_20240702_0841339722-scaled.jpg 1440w\" sizes=\"(max-width: 169px) 100vw, 169px\" \/><img decoding=\"async\" class=\"alignnone size-medium wp-image-3279\" src=\"https:\/\/scap.lu\/wp-content\/uploads\/2024\/08\/PXL_20240702_081450454.MP2_-scaled-e1722513504940-234x300.jpg\" alt=\"\" width=\"234\" height=\"300\" srcset=\"https:\/\/scap.lu\/wp-content\/uploads\/2024\/08\/PXL_20240702_081450454.MP2_-scaled-e1722513504940-234x300.jpg 234w, https:\/\/scap.lu\/wp-content\/uploads\/2024\/08\/PXL_20240702_081450454.MP2_-scaled-e1722513504940-798x1024.jpg 798w, https:\/\/scap.lu\/wp-content\/uploads\/2024\/08\/PXL_20240702_081450454.MP2_-scaled-e1722513504940-768x985.jpg 768w, https:\/\/scap.lu\/wp-content\/uploads\/2024\/08\/PXL_20240702_081450454.MP2_-scaled-e1722513504940-1198x1536.jpg 1198w, https:\/\/scap.lu\/wp-content\/uploads\/2024\/08\/PXL_20240702_081450454.MP2_-scaled-e1722513504940.jpg 1440w\" sizes=\"(max-width: 234px) 100vw, 234px\" \/><img decoding=\"async\" class=\"alignnone size-medium wp-image-3277\" src=\"https:\/\/scap.lu\/wp-content\/uploads\/2024\/08\/PXL_20240702_074632790.PORTRAIT2-169x300.jpg\" alt=\"\" width=\"169\" height=\"300\" srcset=\"https:\/\/scap.lu\/wp-content\/uploads\/2024\/08\/PXL_20240702_074632790.PORTRAIT2-169x300.jpg 169w, https:\/\/scap.lu\/wp-content\/uploads\/2024\/08\/PXL_20240702_074632790.PORTRAIT2-576x1024.jpg 576w, https:\/\/scap.lu\/wp-content\/uploads\/2024\/08\/PXL_20240702_074632790.PORTRAIT2-768x1365.jpg 768w, https:\/\/scap.lu\/wp-content\/uploads\/2024\/08\/PXL_20240702_074632790.PORTRAIT2-864x1536.jpg 864w, https:\/\/scap.lu\/wp-content\/uploads\/2024\/08\/PXL_20240702_074632790.PORTRAIT2-1152x2048.jpg 1152w, https:\/\/scap.lu\/wp-content\/uploads\/2024\/08\/PXL_20240702_074632790.PORTRAIT2-scaled.jpg 1440w\" sizes=\"(max-width: 169px) 100vw, 169px\" \/><\/p>\n","protected":false},"excerpt":{"rendered":"<p>Le 02.07.2024, nous avons eu le plaisir d&rsquo; accueillir le Prince Louis de Luxembourg, repr\u00e9sentant de la Fondation du Grand-Duc et de la Grande-Duchesse, dans les nouveaux locaux du SCAP&#8230;<\/p>\n","protected":false},"author":9,"featured_media":3284,"comment_status":"closed","ping_status":"closed","sticky":false,"template":"","format":"standard","meta":{"_acf_changed":false,"footnotes":""},"categories":[4],"tags":[],"class_list":{"0":"post-3297","1":"post","2":"type-post","3":"status-publish","4":"format-standard","5":"has-post-thumbnail","7":"category-news"},"acf":[],"_links":{"self":[{"href":"https:\/\/scap.lu\/fr\/wp-json\/wp\/v2\/posts\/3297","targetHints":{"allow":["GET"]}}],"collection":[{"href":"https:\/\/scap.lu\/fr\/wp-json\/wp\/v2\/posts"}],"about":[{"href":"https:\/\/scap.lu\/fr\/wp-json\/wp\/v2\/types\/post"}],"author":[{"embeddable":true,"href":"https:\/\/scap.lu\/fr\/wp-json\/wp\/v2\/users\/9"}],"replies":[{"embeddable":true,"href":"https:\/\/scap.lu\/fr\/wp-json\/wp\/v2\/comments?post=3297"}],"version-history":[{"count":0,"href":"https:\/\/scap.lu\/fr\/wp-json\/wp\/v2\/posts\/3297\/revisions"}],"wp:featuredmedia":[{"embeddable":true,"href":"https:\/\/scap.lu\/fr\/wp-json\/wp\/v2\/media\/3284"}],"wp:attachment":[{"href":"https:\/\/scap.lu\/fr\/wp-json\/wp\/v2\/media?parent=3297"}],"wp:term":[{"taxonomy":"category","embeddable":true,"href":"https:\/\/scap.lu\/fr\/wp-json\/wp\/v2\/categories?post=3297"},{"taxonomy":"post_tag","embeddable":true,"href":"https:\/\/scap.lu\/fr\/wp-json\/wp\/v2\/tags?post=3297"}],"curies":[{"name":"wp","href":"https:\/\/api.w.org\/{rel}","templated":true}]}}